{"id":1649,"date":"2022-11-19T19:31:23","date_gmt":"2022-11-19T18:31:23","guid":{"rendered":"https:\/\/www.lzmanagement.it\/journee-complete-de-visite-privee-de-luxe-des-villas-de-venise-a-la-villa-emo-a-la-villa-barbato-et-a-la-villa-foscari\/"},"modified":"2022-11-19T19:31:23","modified_gmt":"2022-11-19T18:31:23","slug":"journee-complete-de-visite-privee-de-luxe-des-villas-de-venise-a-la-villa-emo-a-la-villa-barbato-et-a-la-villa-foscari","status":"publish","type":"post","link":"https:\/\/www.lzmanagement.it\/fr\/journee-complete-de-visite-privee-de-luxe-des-villas-de-venise-a-la-villa-emo-a-la-villa-barbato-et-a-la-villa-foscari\/","title":{"rendered":"JOURN\u00c9E COMPL\u00c8TE DE VISITE PRIV\u00c9E DE LUXE DES VILLAS DE VENISE \u00c0 LA VILLA EMO, \u00c0 LA VILLA BARBATO ET \u00c0 LA VILLA FOSCARI"},"content":{"rendered":"<h4>LZ MANAGEMENT LUXURY PRIVATE TOUR<\/h4>\n<p>Depuis Piazzale Roma (Venise), apr\u00e8s environ 20 minutes de route, vous vous arr\u00eaterez pour visiter la Villa Foscari La Malcontenta, la seule construite par Andrea Palladio le long du canal de la Brenta, entre Venise et Padoue. La Villa Foscari a \u00e9t\u00e9 construite par les fr\u00e8res Nicol\u00f2 et Alvise Foscari \u00e0 la fin des ann\u00e9es 1550 et se dresse dans un bloc isol\u00e9, sans annexes agricoles, non loin du bord de la lagune de Venise et le long des rives de la Brenta.<\/p>\n<p>Votre excursion se poursuivra sur des routes secondaires, en passant par les villages et la campagne cultiv\u00e9e de la r\u00e9gion. Apr\u00e8s 30 minutes de route, vous ferez une pause caf\u00e9 dans un village o\u00f9 vous d\u00e9couvrirez une autre villa de Palladio inscrite sur la liste du patrimoine mondial de l&rsquo;UNESCO : la Villa Cornaro. Aujourd&rsquo;hui, la villa est une propri\u00e9t\u00e9 priv\u00e9e, mais rien que de l&rsquo;ext\u00e9rieur, elle vous offre la beaut\u00e9 de son architecture.<\/p>\n<p>Votre excursion matinale se terminera dans un village de ch\u00e2teaux o\u00f9 vous prendrez votre d\u00e9jeuner. Castelfranco Veneto vous accueille avec sa tour d&rsquo;horloge et son imposant portail d&rsquo;entr\u00e9e entour\u00e9 de murs cr\u00e9nel\u00e9s qui conservent les couleurs et les parfums de l&rsquo;histoire ancienne. Castelfranco est la ville de Giorgione, un artiste extraordinaire de la Renaissance v\u00e9nitienne, c\u00e9l\u00e8bre pour ses toiles d&rsquo;une beaut\u00e9 in\u00e9gal\u00e9e, du Retable \u00e0 la Temp\u00eate.<\/p>\n<h5><strong><em>NOTRE FOURGON DE LUXE EST \u00c0 VOTRE DISPOSITION TOUTE LA JOURN\u00c9E !<\/em><\/strong><\/h5>\n<p>Dans l&rsquo;apr\u00e8s-midi, pr\u00e8s de Castelfranco Veneto, vous visiterez le deuxi\u00e8me \u00e9difice palladien : la Villa Emo. Dans cette villa, les b\u00e2timents qui servaient \u00e0 la gestion du domaine, dispos\u00e9s autour de la meunerie de la villa du Quattrocento, ont r\u00e9alis\u00e9 une synth\u00e8se architecturale impr\u00e9vue qui a uni dans une continuit\u00e9 lin\u00e9aire la maison seigneuriale, la barchesse et les pigeonniers. La villa palladienne en tant que produit d&rsquo;une nouvelle typologie &#8211; o\u00f9 les n\u00e9cessit\u00e9s pratiques de la vie agricole se traduisent par des formes discr\u00e8tes et un nouveau langage inspir\u00e9 de l&rsquo;architecture antique &#8211; trouve sans aucun doute son incarnation la plus d\u00e9finitive dans la Villa Emo. Les fresques int\u00e9rieures de Zelotti, datant du XVIe si\u00e8cle, sont bien conserv\u00e9es et d&rsquo;une grande intensit\u00e9 d&rsquo;expression.<\/p>\n<p>Vous poursuivrez votre voyage jusqu&rsquo;\u00e0 la Villa Barbaro, situ\u00e9e \u00e0 15 minutes de route de la Villa Emo. Le b\u00e2timent a \u00e9t\u00e9 command\u00e9 par les fr\u00e8res Barbaro : Daniele et Marcantonio. Dans cette villa \u00e9galement, le manoir et la barchesse sont align\u00e9s pour former une unit\u00e9 architecturale compacte. Cette solution a probablement \u00e9t\u00e9 appliqu\u00e9e pour l&#8217;emplacement de la villa, sur les pentes d&rsquo;une colline. Cette disposition offre une vue imprenable depuis la route en contrebas. Paolo Veronese a d\u00e9cor\u00e9 les salles avec un splendide cycle de fresques, connues comme les plus extraordinaires du XVIe si\u00e8cle v\u00e9nitien.<\/p>\n<p>Enfin, vous retournerez \u00e0 Venise par les routes de campagne. Le trajet dure environ 1 heure et 30 minutes. Si vous le souhaitez, vous pouvez faire une petite halte \u00e0 mi-chemin pour prendre une tasse de th\u00e9 ou autre chose.<\/p>\n<h5 style=\"text-align: center\"><em>R\u00c9SERVEZ MAINTENANT LA VISITE PRIV\u00c9E DE LZ MANAGEMENT<\/em><\/h5>\n","protected":false},"excerpt":{"rendered":"<p>LZ MANAGEMENT LUXURY PRIVATE TOUR Depuis Piazzale Roma (Venise), apr\u00e8s environ 20 minutes de route, vous vous arr\u00eaterez pour visiter la Villa Foscari La Malcontenta, la seule construite par Andrea Palladio le long du canal de la Brenta, entre Venise et Padoue. La Villa Foscari a \u00e9t\u00e9 construite par les fr\u00e8res Nicol\u00f2 et Alvise Foscari&#8230;<\/p>\n","protected":false},"author":3,"featured_media":1593,"comment_status":"closed","ping_status":"open","sticky":false,"template":"","format":"standard","meta":{"footnotes":""},"categories":[199,193],"tags":[223,219,218,220,221,222],"class_list":["post-1649","post","type-post","status-publish","format-standard","has-post-thumbnail","hentry","category-ccn","category-non-classifiee","tag-tour-en-minivan-venise-italie","tag-villa-barbato-fr","tag-villa-emo-fr","tag-villa-foscari-fr","tag-visite-privee-de-luxe-a-venise","tag-visite-privee-venise"],"yoast_head":"<!-- This site is optimized with the Yoast SEO plugin v27.5 - https:\/\/yoast.com\/product\/yoast-seo-wordpress\/ -->\n<title>VISITES PRIV\u00c9ES VILLA EMO, VILLA BARBATO, VILLA FOSCARI<\/title>\n<meta name=\"description\" content=\"JOURN\u00c9E COMPL\u00c8TE DE VISITE PRIV\u00c9E DE LUXE DES VILLAS DE VENISE \u00c0 LA VILLA EMO, VILLA BARBATO ET VILLA FOSCARI, VAN 8 PLACES AVEC CHAUFFEUR\" \/>\n<meta name=\"robots\" content=\"index, follow, max-snippet:-1, max-image-preview:large, max-video-preview:-1\" \/>\n<link rel=\"canonical\" href=\"https:\/\/www.lzmanagement.it\/fr\/journee-complete-de-visite-privee-de-luxe-des-villas-de-venise-a-la-villa-emo-a-la-villa-barbato-et-a-la-villa-foscari\/\" \/>\n<meta property=\"og:locale\" content=\"fr_FR\" \/>\n<meta property=\"og:type\" content=\"article\" \/>\n<meta property=\"og:title\" content=\"VISITES PRIV\u00c9ES VILLA EMO, VILLA BARBATO, VILLA FOSCARI\" \/>\n<meta property=\"og:description\" content=\"JOURN\u00c9E COMPL\u00c8TE DE VISITE PRIV\u00c9E DE LUXE DES VILLAS DE VENISE \u00c0 LA VILLA EMO, VILLA BARBATO ET VILLA FOSCARI, VAN 8 PLACES AVEC CHAUFFEUR\" \/>\n<meta property=\"og:url\" content=\"https:\/\/www.lzmanagement.it\/fr\/journee-complete-de-visite-privee-de-luxe-des-villas-de-venise-a-la-villa-emo-a-la-villa-barbato-et-a-la-villa-foscari\/\" \/>\n<meta property=\"article:published_time\" content=\"2022-11-19T18:31:23+00:00\" \/>\n<meta property=\"og:image\" content=\"https:\/\/www.lzmanagement.it\/wp-content\/uploads\/2022\/11\/VILLA-EMO.jpg\" \/>\n\t<meta property=\"og:image:width\" content=\"960\" \/>\n\t<meta property=\"og:image:height\" content=\"890\" \/>\n\t<meta property=\"og:image:type\" content=\"image\/jpeg\" \/>\n<meta name=\"author\" content=\"Luciano Zoppello\" \/>\n<meta name=\"twitter:card\" content=\"summary_large_image\" \/>\n<meta name=\"twitter:label1\" content=\"\u00c9crit par\" \/>\n\t<meta name=\"twitter:data1\" content=\"Luciano Zoppello\" \/>\n\t<meta name=\"twitter:label2\" content=\"Dur\u00e9e de lecture estim\u00e9e\" \/>\n\t<meta name=\"twitter:data2\" content=\"3 minutes\" \/>\n<script type=\"application\/ld+json\" class=\"yoast-schema-graph\">{\"@context\":\"https:\\\/\\\/schema.org\",\"@graph\":[{\"@type\":\"Article\",\"@id\":\"https:\\\/\\\/www.lzmanagement.it\\\/fr\\\/journee-complete-de-visite-privee-de-luxe-des-villas-de-venise-a-la-villa-emo-a-la-villa-barbato-et-a-la-villa-foscari\\\/#article\",\"isPartOf\":{\"@id\":\"https:\\\/\\\/www.lzmanagement.it\\\/fr\\\/journee-complete-de-visite-privee-de-luxe-des-villas-de-venise-a-la-villa-emo-a-la-villa-barbato-et-a-la-villa-foscari\\\/\"},\"author\":{\"name\":\"Luciano Zoppello\",\"@id\":\"https:\\\/\\\/www.lzmanagement.it\\\/fr\\\/#\\\/schema\\\/person\\\/d1291c6beb86f53c17ece10f4a305c47\"},\"headline\":\"JOURN\u00c9E COMPL\u00c8TE DE VISITE PRIV\u00c9E DE LUXE DES VILLAS DE VENISE \u00c0 LA VILLA EMO, \u00c0 LA VILLA BARBATO ET \u00c0 LA VILLA FOSCARI\",\"datePublished\":\"2022-11-19T18:31:23+00:00\",\"mainEntityOfPage\":{\"@id\":\"https:\\\/\\\/www.lzmanagement.it\\\/fr\\\/journee-complete-de-visite-privee-de-luxe-des-villas-de-venise-a-la-villa-emo-a-la-villa-barbato-et-a-la-villa-foscari\\\/\"},\"wordCount\":564,\"publisher\":{\"@id\":\"https:\\\/\\\/www.lzmanagement.it\\\/fr\\\/#organization\"},\"image\":{\"@id\":\"https:\\\/\\\/www.lzmanagement.it\\\/fr\\\/journee-complete-de-visite-privee-de-luxe-des-villas-de-venise-a-la-villa-emo-a-la-villa-barbato-et-a-la-villa-foscari\\\/#primaryimage\"},\"thumbnailUrl\":\"https:\\\/\\\/www.lzmanagement.it\\\/wp-content\\\/uploads\\\/2022\\\/11\\\/VILLA-EMO.jpg\",\"keywords\":[\"TOUR EN MINIVAN VENISE (ITALIE)\",\"VILLA BARBATO\",\"VILLA EMO\",\"VILLA FOSCARI\",\"VISITE PRIV\u00c9E DE LUXE A VENISE\",\"VISITE PRIV\u00c9E VENISE\"],\"articleSection\":[\"CCN\",\"Non classifi\u00e9(e)\"],\"inLanguage\":\"fr-FR\"},{\"@type\":\"WebPage\",\"@id\":\"https:\\\/\\\/www.lzmanagement.it\\\/fr\\\/journee-complete-de-visite-privee-de-luxe-des-villas-de-venise-a-la-villa-emo-a-la-villa-barbato-et-a-la-villa-foscari\\\/\",\"url\":\"https:\\\/\\\/www.lzmanagement.it\\\/fr\\\/journee-complete-de-visite-privee-de-luxe-des-villas-de-venise-a-la-villa-emo-a-la-villa-barbato-et-a-la-villa-foscari\\\/\",\"name\":\"VISITES PRIV\u00c9ES VILLA EMO, VILLA BARBATO, VILLA FOSCARI\",\"isPartOf\":{\"@id\":\"https:\\\/\\\/www.lzmanagement.it\\\/fr\\\/#website\"},\"primaryImageOfPage\":{\"@id\":\"https:\\\/\\\/www.lzmanagement.it\\\/fr\\\/journee-complete-de-visite-privee-de-luxe-des-villas-de-venise-a-la-villa-emo-a-la-villa-barbato-et-a-la-villa-foscari\\\/#primaryimage\"},\"image\":{\"@id\":\"https:\\\/\\\/www.lzmanagement.it\\\/fr\\\/journee-complete-de-visite-privee-de-luxe-des-villas-de-venise-a-la-villa-emo-a-la-villa-barbato-et-a-la-villa-foscari\\\/#primaryimage\"},\"thumbnailUrl\":\"https:\\\/\\\/www.lzmanagement.it\\\/wp-content\\\/uploads\\\/2022\\\/11\\\/VILLA-EMO.jpg\",\"datePublished\":\"2022-11-19T18:31:23+00:00\",\"description\":\"JOURN\u00c9E COMPL\u00c8TE DE VISITE PRIV\u00c9E DE LUXE DES VILLAS DE VENISE \u00c0 LA VILLA EMO, VILLA BARBATO ET VILLA FOSCARI, VAN 8 PLACES AVEC CHAUFFEUR\",\"breadcrumb\":{\"@id\":\"https:\\\/\\\/www.lzmanagement.it\\\/fr\\\/journee-complete-de-visite-privee-de-luxe-des-villas-de-venise-a-la-villa-emo-a-la-villa-barbato-et-a-la-villa-foscari\\\/#breadcrumb\"},\"inLanguage\":\"fr-FR\",\"potentialAction\":[{\"@type\":\"ReadAction\",\"target\":[\"https:\\\/\\\/www.lzmanagement.it\\\/fr\\\/journee-complete-de-visite-privee-de-luxe-des-villas-de-venise-a-la-villa-emo-a-la-villa-barbato-et-a-la-villa-foscari\\\/\"]}]},{\"@type\":\"ImageObject\",\"inLanguage\":\"fr-FR\",\"@id\":\"https:\\\/\\\/www.lzmanagement.it\\\/fr\\\/journee-complete-de-visite-privee-de-luxe-des-villas-de-venise-a-la-villa-emo-a-la-villa-barbato-et-a-la-villa-foscari\\\/#primaryimage\",\"url\":\"https:\\\/\\\/www.lzmanagement.it\\\/wp-content\\\/uploads\\\/2022\\\/11\\\/VILLA-EMO.jpg\",\"contentUrl\":\"https:\\\/\\\/www.lzmanagement.it\\\/wp-content\\\/uploads\\\/2022\\\/11\\\/VILLA-EMO.jpg\",\"width\":960,\"height\":890},{\"@type\":\"BreadcrumbList\",\"@id\":\"https:\\\/\\\/www.lzmanagement.it\\\/fr\\\/journee-complete-de-visite-privee-de-luxe-des-villas-de-venise-a-la-villa-emo-a-la-villa-barbato-et-a-la-villa-foscari\\\/#breadcrumb\",\"itemListElement\":[{\"@type\":\"ListItem\",\"position\":1,\"name\":\"Home\",\"item\":\"https:\\\/\\\/www.lzmanagement.it\\\/fr\\\/lz-management-accueil\\\/\"},{\"@type\":\"ListItem\",\"position\":2,\"name\":\"JOURN\u00c9E COMPL\u00c8TE DE VISITE PRIV\u00c9E DE LUXE DES VILLAS DE VENISE \u00c0 LA VILLA EMO, \u00c0 LA VILLA BARBATO ET \u00c0 LA VILLA FOSCARI\"}]},{\"@type\":\"WebSite\",\"@id\":\"https:\\\/\\\/www.lzmanagement.it\\\/fr\\\/#website\",\"url\":\"https:\\\/\\\/www.lzmanagement.it\\\/fr\\\/\",\"name\":\"\",\"description\":\"\",\"publisher\":{\"@id\":\"https:\\\/\\\/www.lzmanagement.it\\\/fr\\\/#organization\"},\"potentialAction\":[{\"@type\":\"SearchAction\",\"target\":{\"@type\":\"EntryPoint\",\"urlTemplate\":\"https:\\\/\\\/www.lzmanagement.it\\\/fr\\\/?s={search_term_string}\"},\"query-input\":{\"@type\":\"PropertyValueSpecification\",\"valueRequired\":true,\"valueName\":\"search_term_string\"}}],\"inLanguage\":\"fr-FR\"},{\"@type\":\"Organization\",\"@id\":\"https:\\\/\\\/www.lzmanagement.it\\\/fr\\\/#organization\",\"name\":\"Lz Management - BODYGUARD \u2013 NOLEGGIO CON CONDUCENTE \u2013 SICUREZZA PRIVATA\",\"url\":\"https:\\\/\\\/www.lzmanagement.it\\\/fr\\\/\",\"logo\":{\"@type\":\"ImageObject\",\"inLanguage\":\"fr-FR\",\"@id\":\"https:\\\/\\\/www.lzmanagement.it\\\/fr\\\/#\\\/schema\\\/logo\\\/image\\\/\",\"url\":\"https:\\\/\\\/www.lzmanagement.it\\\/wp-content\\\/uploads\\\/2022\\\/06\\\/Sicurezza-privata-LZ-management.png\",\"contentUrl\":\"https:\\\/\\\/www.lzmanagement.it\\\/wp-content\\\/uploads\\\/2022\\\/06\\\/Sicurezza-privata-LZ-management.png\",\"width\":592,\"height\":149,\"caption\":\"Lz Management - BODYGUARD \u2013 NOLEGGIO CON CONDUCENTE \u2013 SICUREZZA PRIVATA\"},\"image\":{\"@id\":\"https:\\\/\\\/www.lzmanagement.it\\\/fr\\\/#\\\/schema\\\/logo\\\/image\\\/\"},\"sameAs\":[\"https:\\\/\\\/www.linkedin.com\\\/company\\\/lzmanagement\\\/\"]},{\"@type\":\"Person\",\"@id\":\"https:\\\/\\\/www.lzmanagement.it\\\/fr\\\/#\\\/schema\\\/person\\\/d1291c6beb86f53c17ece10f4a305c47\",\"name\":\"Luciano Zoppello\",\"image\":{\"@type\":\"ImageObject\",\"inLanguage\":\"fr-FR\",\"@id\":\"https:\\\/\\\/secure.gravatar.com\\\/avatar\\\/d88a5745d1911c75a6a2cc6278fe73b1a642c865c29a5676781634c0b56e8cf5?s=96&d=mm&r=g\",\"url\":\"https:\\\/\\\/secure.gravatar.com\\\/avatar\\\/d88a5745d1911c75a6a2cc6278fe73b1a642c865c29a5676781634c0b56e8cf5?s=96&d=mm&r=g\",\"contentUrl\":\"https:\\\/\\\/secure.gravatar.com\\\/avatar\\\/d88a5745d1911c75a6a2cc6278fe73b1a642c865c29a5676781634c0b56e8cf5?s=96&d=mm&r=g\",\"caption\":\"Luciano Zoppello\"},\"url\":\"https:\\\/\\\/www.lzmanagement.it\\\/fr\\\/author\\\/luciano-lz\\\/\"}]}<\/script>\n<!-- \/ Yoast SEO plugin. -->","yoast_head_json":{"title":"VISITES PRIV\u00c9ES VILLA EMO, VILLA BARBATO, VILLA FOSCARI","description":"JOURN\u00c9E COMPL\u00c8TE DE VISITE PRIV\u00c9E DE LUXE DES VILLAS DE VENISE \u00c0 LA VILLA EMO, VILLA BARBATO ET VILLA FOSCARI, VAN 8 PLACES AVEC CHAUFFEUR","robots":{"index":"index","follow":"follow","max-snippet":"max-snippet:-1","max-image-preview":"max-image-preview:large","max-video-preview":"max-video-preview:-1"},"canonical":"https:\/\/www.lzmanagement.it\/fr\/journee-complete-de-visite-privee-de-luxe-des-villas-de-venise-a-la-villa-emo-a-la-villa-barbato-et-a-la-villa-foscari\/","og_locale":"fr_FR","og_type":"article","og_title":"VISITES PRIV\u00c9ES VILLA EMO, VILLA BARBATO, VILLA FOSCARI","og_description":"JOURN\u00c9E COMPL\u00c8TE DE VISITE PRIV\u00c9E DE LUXE DES VILLAS DE VENISE \u00c0 LA VILLA EMO, VILLA BARBATO ET VILLA FOSCARI, VAN 8 PLACES AVEC CHAUFFEUR","og_url":"https:\/\/www.lzmanagement.it\/fr\/journee-complete-de-visite-privee-de-luxe-des-villas-de-venise-a-la-villa-emo-a-la-villa-barbato-et-a-la-villa-foscari\/","article_published_time":"2022-11-19T18:31:23+00:00","og_image":[{"width":960,"height":890,"url":"https:\/\/www.lzmanagement.it\/wp-content\/uploads\/2022\/11\/VILLA-EMO.jpg","type":"image\/jpeg"}],"author":"Luciano Zoppello","twitter_card":"summary_large_image","twitter_misc":{"\u00c9crit par":"Luciano Zoppello","Dur\u00e9e de lecture estim\u00e9e":"3 minutes"},"schema":{"@context":"https:\/\/schema.org","@graph":[{"@type":"Article","@id":"https:\/\/www.lzmanagement.it\/fr\/journee-complete-de-visite-privee-de-luxe-des-villas-de-venise-a-la-villa-emo-a-la-villa-barbato-et-a-la-villa-foscari\/#article","isPartOf":{"@id":"https:\/\/www.lzmanagement.it\/fr\/journee-complete-de-visite-privee-de-luxe-des-villas-de-venise-a-la-villa-emo-a-la-villa-barbato-et-a-la-villa-foscari\/"},"author":{"name":"Luciano Zoppello","@id":"https:\/\/www.lzmanagement.it\/fr\/#\/schema\/person\/d1291c6beb86f53c17ece10f4a305c47"},"headline":"JOURN\u00c9E COMPL\u00c8TE DE VISITE PRIV\u00c9E DE LUXE DES VILLAS DE VENISE \u00c0 LA VILLA EMO, \u00c0 LA VILLA BARBATO ET \u00c0 LA VILLA FOSCARI","datePublished":"2022-11-19T18:31:23+00:00","mainEntityOfPage":{"@id":"https:\/\/www.lzmanagement.it\/fr\/journee-complete-de-visite-privee-de-luxe-des-villas-de-venise-a-la-villa-emo-a-la-villa-barbato-et-a-la-villa-foscari\/"},"wordCount":564,"publisher":{"@id":"https:\/\/www.lzmanagement.it\/fr\/#organization"},"image":{"@id":"https:\/\/www.lzmanagement.it\/fr\/journee-complete-de-visite-privee-de-luxe-des-villas-de-venise-a-la-villa-emo-a-la-villa-barbato-et-a-la-villa-foscari\/#primaryimage"},"thumbnailUrl":"https:\/\/www.lzmanagement.it\/wp-content\/uploads\/2022\/11\/VILLA-EMO.jpg","keywords":["TOUR EN MINIVAN VENISE (ITALIE)","VILLA BARBATO","VILLA EMO","VILLA FOSCARI","VISITE PRIV\u00c9E DE LUXE A VENISE","VISITE PRIV\u00c9E VENISE"],"articleSection":["CCN","Non classifi\u00e9(e)"],"inLanguage":"fr-FR"},{"@type":"WebPage","@id":"https:\/\/www.lzmanagement.it\/fr\/journee-complete-de-visite-privee-de-luxe-des-villas-de-venise-a-la-villa-emo-a-la-villa-barbato-et-a-la-villa-foscari\/","url":"https:\/\/www.lzmanagement.it\/fr\/journee-complete-de-visite-privee-de-luxe-des-villas-de-venise-a-la-villa-emo-a-la-villa-barbato-et-a-la-villa-foscari\/","name":"VISITES PRIV\u00c9ES VILLA EMO, VILLA BARBATO, VILLA FOSCARI","isPartOf":{"@id":"https:\/\/www.lzmanagement.it\/fr\/#website"},"primaryImageOfPage":{"@id":"https:\/\/www.lzmanagement.it\/fr\/journee-complete-de-visite-privee-de-luxe-des-villas-de-venise-a-la-villa-emo-a-la-villa-barbato-et-a-la-villa-foscari\/#primaryimage"},"image":{"@id":"https:\/\/www.lzmanagement.it\/fr\/journee-complete-de-visite-privee-de-luxe-des-villas-de-venise-a-la-villa-emo-a-la-villa-barbato-et-a-la-villa-foscari\/#primaryimage"},"thumbnailUrl":"https:\/\/www.lzmanagement.it\/wp-content\/uploads\/2022\/11\/VILLA-EMO.jpg","datePublished":"2022-11-19T18:31:23+00:00","description":"JOURN\u00c9E COMPL\u00c8TE DE VISITE PRIV\u00c9E DE LUXE DES VILLAS DE VENISE \u00c0 LA VILLA EMO, VILLA BARBATO ET VILLA FOSCARI, VAN 8 PLACES AVEC CHAUFFEUR","breadcrumb":{"@id":"https:\/\/www.lzmanagement.it\/fr\/journee-complete-de-visite-privee-de-luxe-des-villas-de-venise-a-la-villa-emo-a-la-villa-barbato-et-a-la-villa-foscari\/#breadcrumb"},"inLanguage":"fr-FR","potentialAction":[{"@type":"ReadAction","target":["https:\/\/www.lzmanagement.it\/fr\/journee-complete-de-visite-privee-de-luxe-des-villas-de-venise-a-la-villa-emo-a-la-villa-barbato-et-a-la-villa-foscari\/"]}]},{"@type":"ImageObject","inLanguage":"fr-FR","@id":"https:\/\/www.lzmanagement.it\/fr\/journee-complete-de-visite-privee-de-luxe-des-villas-de-venise-a-la-villa-emo-a-la-villa-barbato-et-a-la-villa-foscari\/#primaryimage","url":"https:\/\/www.lzmanagement.it\/wp-content\/uploads\/2022\/11\/VILLA-EMO.jpg","contentUrl":"https:\/\/www.lzmanagement.it\/wp-content\/uploads\/2022\/11\/VILLA-EMO.jpg","width":960,"height":890},{"@type":"BreadcrumbList","@id":"https:\/\/www.lzmanagement.it\/fr\/journee-complete-de-visite-privee-de-luxe-des-villas-de-venise-a-la-villa-emo-a-la-villa-barbato-et-a-la-villa-foscari\/#breadcrumb","itemListElement":[{"@type":"ListItem","position":1,"name":"Home","item":"https:\/\/www.lzmanagement.it\/fr\/lz-management-accueil\/"},{"@type":"ListItem","position":2,"name":"JOURN\u00c9E COMPL\u00c8TE DE VISITE PRIV\u00c9E DE LUXE DES VILLAS DE VENISE \u00c0 LA VILLA EMO, \u00c0 LA VILLA BARBATO ET \u00c0 LA VILLA FOSCARI"}]},{"@type":"WebSite","@id":"https:\/\/www.lzmanagement.it\/fr\/#website","url":"https:\/\/www.lzmanagement.it\/fr\/","name":"","description":"","publisher":{"@id":"https:\/\/www.lzmanagement.it\/fr\/#organization"},"potentialAction":[{"@type":"SearchAction","target":{"@type":"EntryPoint","urlTemplate":"https:\/\/www.lzmanagement.it\/fr\/?s={search_term_string}"},"query-input":{"@type":"PropertyValueSpecification","valueRequired":true,"valueName":"search_term_string"}}],"inLanguage":"fr-FR"},{"@type":"Organization","@id":"https:\/\/www.lzmanagement.it\/fr\/#organization","name":"Lz Management - BODYGUARD \u2013 NOLEGGIO CON CONDUCENTE \u2013 SICUREZZA PRIVATA","url":"https:\/\/www.lzmanagement.it\/fr\/","logo":{"@type":"ImageObject","inLanguage":"fr-FR","@id":"https:\/\/www.lzmanagement.it\/fr\/#\/schema\/logo\/image\/","url":"https:\/\/www.lzmanagement.it\/wp-content\/uploads\/2022\/06\/Sicurezza-privata-LZ-management.png","contentUrl":"https:\/\/www.lzmanagement.it\/wp-content\/uploads\/2022\/06\/Sicurezza-privata-LZ-management.png","width":592,"height":149,"caption":"Lz Management - BODYGUARD \u2013 NOLEGGIO CON CONDUCENTE \u2013 SICUREZZA PRIVATA"},"image":{"@id":"https:\/\/www.lzmanagement.it\/fr\/#\/schema\/logo\/image\/"},"sameAs":["https:\/\/www.linkedin.com\/company\/lzmanagement\/"]},{"@type":"Person","@id":"https:\/\/www.lzmanagement.it\/fr\/#\/schema\/person\/d1291c6beb86f53c17ece10f4a305c47","name":"Luciano Zoppello","image":{"@type":"ImageObject","inLanguage":"fr-FR","@id":"https:\/\/secure.gravatar.com\/avatar\/d88a5745d1911c75a6a2cc6278fe73b1a642c865c29a5676781634c0b56e8cf5?s=96&d=mm&r=g","url":"https:\/\/secure.gravatar.com\/avatar\/d88a5745d1911c75a6a2cc6278fe73b1a642c865c29a5676781634c0b56e8cf5?s=96&d=mm&r=g","contentUrl":"https:\/\/secure.gravatar.com\/avatar\/d88a5745d1911c75a6a2cc6278fe73b1a642c865c29a5676781634c0b56e8cf5?s=96&d=mm&r=g","caption":"Luciano Zoppello"},"url":"https:\/\/www.lzmanagement.it\/fr\/author\/luciano-lz\/"}]}},"_links":{"self":[{"href":"https:\/\/www.lzmanagement.it\/fr\/wp-json\/wp\/v2\/posts\/1649","targetHints":{"allow":["GET"]}}],"collection":[{"href":"https:\/\/www.lzmanagement.it\/fr\/wp-json\/wp\/v2\/posts"}],"about":[{"href":"https:\/\/www.lzmanagement.it\/fr\/wp-json\/wp\/v2\/types\/post"}],"author":[{"embeddable":true,"href":"https:\/\/www.lzmanagement.it\/fr\/wp-json\/wp\/v2\/users\/3"}],"replies":[{"embeddable":true,"href":"https:\/\/www.lzmanagement.it\/fr\/wp-json\/wp\/v2\/comments?post=1649"}],"version-history":[{"count":0,"href":"https:\/\/www.lzmanagement.it\/fr\/wp-json\/wp\/v2\/posts\/1649\/revisions"}],"wp:featuredmedia":[{"embeddable":true,"href":"https:\/\/www.lzmanagement.it\/fr\/wp-json\/wp\/v2\/media\/1593"}],"wp:attachment":[{"href":"https:\/\/www.lzmanagement.it\/fr\/wp-json\/wp\/v2\/media?parent=1649"}],"wp:term":[{"taxonomy":"category","embeddable":true,"href":"https:\/\/www.lzmanagement.it\/fr\/wp-json\/wp\/v2\/categories?post=1649"},{"taxonomy":"post_tag","embeddable":true,"href":"https:\/\/www.lzmanagement.it\/fr\/wp-json\/wp\/v2\/tags?post=1649"}],"curies":[{"name":"wp","href":"https:\/\/api.w.org\/{rel}","templated":true}]}}